{"id":4882,"date":"2022-07-06T15:20:00","date_gmt":"2022-07-06T14:20:00","guid":{"rendered":"https:\/\/staging.ordemdosfisioterapeutas.pt\/?p=4882"},"modified":"2022-07-27T15:24:21","modified_gmt":"2022-07-27T14:24:21","slug":"ordem-dos-fisioterapeutas-participa-na-7-a-edicao-do-porto-international-hip-meeting","status":"publish","type":"post","link":"https:\/\/staging.ordemdosfisioterapeutas.pt\/fr\/noticias\/ordem-dos-fisioterapeutas-participa-na-7-a-edicao-do-porto-international-hip-meeting\/","title":{"rendered":"Ordem dos Fisioterapeutas participe \u00e0 la 7e \u00e9dition de la r\u00e9union internationale de Porto sur la hanche"},"content":{"rendered":"<div data-elementor-type=\"wp-post\" data-elementor-id=\"4882\" class=\"elementor elementor-4882\" data-elementor-post-type=\"post\">\n\t\t\t\t\t\t<section class=\"elementor-section elementor-top-section elementor-element elementor-element-ff4941b elementor-section-boxed elementor-section-height-default elementor-section-height-default\" data-id=\"ff4941b\" data-element_type=\"section\" data-e-type=\"section\">\n\t\t\t\t\t\t<div class=\"elementor-container elementor-column-gap-default\">\n\t\t\t\t\t<div class=\"elementor-column elementor-col-100 elementor-top-column elementor-element elementor-element-f5d247f\" data-id=\"f5d247f\" data-element_type=\"column\" data-e-type=\"column\">\n\t\t\t<div class=\"elementor-widget-wrap elementor-element-populated\">\n\t\t\t\t\t\t<div class=\"elementor-element elementor-element-184f942 elementor-widget elementor-widget-text-editor\" data-id=\"184f942\" data-element_type=\"widget\" data-e-type=\"widget\" data-widget_type=\"text-editor.default\">\n\t\t\t\t<div class=\"elementor-widget-container\">\n\t\t\t\t\t\t\t\t\t<p>La 7e \u00e9dition du Porto International Hip Meeting (PIHM2022) s'est d\u00e9roul\u00e9e les 1er et 2 juillet. Le pr\u00e9sident de l'Ordre des physioth\u00e9rapeutes, Ant\u00f3nio Lopes, a particip\u00e9 \u00e0 cet \u00e9v\u00e9nement de deux jours pour mettre \u00e0 jour et discuter de la pathologie de la hanche, notamment lors d'une session qui a soulign\u00e9 l'importance des physioth\u00e9rapeutes dans le processus de r\u00e9\u00e9ducation des patients souffrant de dysfonctionnement de la hanche et la relation d'\u00e9quipe avec les chirurgiens orthop\u00e9diques : \"le fait d'\u00eatre deux professions distinctes et compl\u00e9mentaires signifie que nous sommes naturellement partenaires et que nous pouvons d\u00e9velopper notre activit\u00e9 de mani\u00e8re \u00e0 nous concentrer sur l'essentiel, \u00e0 savoir une meilleure prise en charge de nos utilisateurs\", a-t-il d\u00e9clar\u00e9.<\/p><p>Avec le soutien du panel international de chirurgiens orthop\u00e9diques du comit\u00e9 g\u00e9n\u00e9ral d'organisation de PIHM2022, Jorge Cruz de Melo, Fernando Leal, Paulo Rego, Manuel Ribas, Ana Castel, Pedro Dantas, Lafayette Lage et Carlomango Cardenas, la session consacr\u00e9e \u00e0 la physioth\u00e9rapie, qui a eu lieu pour la deuxi\u00e8me fois dans le cadre de cet \u00e9v\u00e9nement, a \u00e9t\u00e9 suivie par quatre membres organisateurs - \u00c1lvaro Magalh\u00e3es, Baltazar Moutela, Nelson Azevedo et Paulo Oliveira - et par le comit\u00e9 scientifique, compos\u00e9 de cinq membres - Duarte Pereira, M. Pereira et Mme, a r\u00e9uni quatre membres organisateurs - \u00c1lvaro Magalh\u00e3es, Baltazar Moutela, Nelson Azevedo et Paulo Oliveira - et le comit\u00e9 scientifique, compos\u00e9 de cinq membres - Duarte Pereira, Fernando Ribeiro, Nuno Cordeiro, (1er vice-pr\u00e9sident du conseil de l'Ordre des physioth\u00e9rapeutes), Rui Gon\u00e7alves et Rui Torres.<\/p><p>Au cours de cette session, qui comportait cinq tables rondes sur les th\u00e8mes suivants : \"Chirurgie de la hanche\", \"Sport\", \"Chirurgie en dernier recours\", \"L'avenir de la physioth\u00e9rapie et de l'orthop\u00e9die\", ainsi que la pr\u00e9sentation de cas concrets, l'importance du physioth\u00e9rapeute dans toutes les phases du processus d'intervention aupr\u00e8s des patients souffrant de dysfonctionnements de la hanche a \u00e9t\u00e9 pr\u00e9sent\u00e9e et discut\u00e9e : L'importance du physioth\u00e9rapeute dans toutes les phases du processus d'intervention aupr\u00e8s des patients souffrant de dysfonctionnements de la hanche a \u00e9t\u00e9 pr\u00e9sent\u00e9e et discut\u00e9e, notamment dans l'\u00e9valuation et la d\u00e9finition des objectifs du traitement et de l'intervention, dans le soutien au patient dans le processus de prise de d\u00e9cision concernant les proc\u00e9dures et le plan de traitement et dans le suivi pr\u00e9op\u00e9ratoire et postop\u00e9ratoire en milieu hospitalier ou ambulatoire.<\/p><p>Dans son discours, le pr\u00e9sident de l'Ordre des physioth\u00e9rapeutes, Ant\u00f3nio Lopes, a \u00e9galement mis l'accent sur les d\u00e9fis auxquels la profession et les physioth\u00e9rapeutes sont confront\u00e9s pour r\u00e9pondre aux besoins de tous les patients qui font appel \u00e0 leurs services.<\/p>\t\t\t\t\t\t\t\t<\/div>\n\t\t\t\t<\/div>\n\t\t\t\t\t<\/div>\n\t\t<\/div>\n\t\t\t\t\t<\/div>\n\t\t<\/section>\n\t\t\t\t<\/div>","protected":false},"excerpt":{"rendered":"<p>La 7e \u00e9dition du Porto International Hip Meeting (PIHM2022) a eu lieu les 1er et 2 juillet.<\/p>","protected":false},"author":1,"featured_media":4883,"comment_status":"closed","ping_status":"open","sticky":false,"template":"","format":"standard","meta":{"footnotes":""},"categories":[13],"tags":[],"class_list":["post-4882","post","type-post","status-publish","format-standard","has-post-thumbnail","hentry","category-noticias"],"_links":{"self":[{"href":"https:\/\/staging.ordemdosfisioterapeutas.pt\/fr\/wp-json\/wp\/v2\/posts\/4882","targetHints":{"allow":["GET"]}}],"collection":[{"href":"https:\/\/staging.ordemdosfisioterapeutas.pt\/fr\/wp-json\/wp\/v2\/posts"}],"about":[{"href":"https:\/\/staging.ordemdosfisioterapeutas.pt\/fr\/wp-json\/wp\/v2\/types\/post"}],"author":[{"embeddable":true,"href":"https:\/\/staging.ordemdosfisioterapeutas.pt\/fr\/wp-json\/wp\/v2\/users\/1"}],"replies":[{"embeddable":true,"href":"https:\/\/staging.ordemdosfisioterapeutas.pt\/fr\/wp-json\/wp\/v2\/comments?post=4882"}],"version-history":[{"count":0,"href":"https:\/\/staging.ordemdosfisioterapeutas.pt\/fr\/wp-json\/wp\/v2\/posts\/4882\/revisions"}],"wp:featuredmedia":[{"embeddable":true,"href":"https:\/\/staging.ordemdosfisioterapeutas.pt\/fr\/wp-json\/wp\/v2\/media\/4883"}],"wp:attachment":[{"href":"https:\/\/staging.ordemdosfisioterapeutas.pt\/fr\/wp-json\/wp\/v2\/media?parent=4882"}],"wp:term":[{"taxonomy":"category","embeddable":true,"href":"https:\/\/staging.ordemdosfisioterapeutas.pt\/fr\/wp-json\/wp\/v2\/categories?post=4882"},{"taxonomy":"post_tag","embeddable":true,"href":"https:\/\/staging.ordemdosfisioterapeutas.pt\/fr\/wp-json\/wp\/v2\/tags?post=4882"}],"curies":[{"name":"wp","href":"https:\/\/api.w.org\/{rel}","templated":true}]}}