{"id":4915,"date":"2022-08-02T13:03:35","date_gmt":"2022-08-02T12:03:35","guid":{"rendered":"https:\/\/staging.ordemdosfisioterapeutas.pt\/?p=4915"},"modified":"2022-08-02T13:04:11","modified_gmt":"2022-08-02T12:04:11","slug":"ordem-dos-fisioterapeutas-e-associacao-americana-de-fisioterapia-iniciam-colaboracao","status":"publish","type":"post","link":"https:\/\/staging.ordemdosfisioterapeutas.pt\/fr\/noticias\/ordem-dos-fisioterapeutas-e-associacao-americana-de-fisioterapia-iniciam-colaboracao\/","title":{"rendered":"L'Ordre des physioth\u00e9rapeutes et l'American Physical Therapy Association entament une collaboration"},"content":{"rendered":"<div data-elementor-type=\"wp-post\" data-elementor-id=\"4915\" class=\"elementor elementor-4915\" data-elementor-post-type=\"post\">\n\t\t\t\t\t\t<section class=\"elementor-section elementor-top-section elementor-element elementor-element-06becf7 elementor-section-boxed elementor-section-height-default elementor-section-height-default\" data-id=\"06becf7\" data-element_type=\"section\" data-e-type=\"section\">\n\t\t\t\t\t\t<div class=\"elementor-container elementor-column-gap-default\">\n\t\t\t\t\t<div class=\"elementor-column elementor-col-100 elementor-top-column elementor-element elementor-element-dbaa838\" data-id=\"dbaa838\" data-element_type=\"column\" data-e-type=\"column\">\n\t\t\t<div class=\"elementor-widget-wrap elementor-element-populated\">\n\t\t\t\t\t\t<div class=\"elementor-element elementor-element-0be3cba elementor-widget elementor-widget-text-editor\" data-id=\"0be3cba\" data-element_type=\"widget\" data-e-type=\"widget\" data-widget_type=\"text-editor.default\">\n\t\t\t\t<div class=\"elementor-widget-container\">\n\t\t\t\t\t\t\t\t\t<p>Le 11 juillet, le Conseil d'administration et le Bureau des \u00e9tudes et de la planification de l'Ordre des physioth\u00e9rapeutes ont rencontr\u00e9 des repr\u00e9sentants de l'American Physical Therapy Association (APTA) (pr\u00e9sident - Roger Herr, vice-pr\u00e9sident des relations publiques - Aaron Bishop, directeur ex\u00e9cutif - Justin Moore et directeur des relations publiques - Emilio Rouco) afin de commencer \u00e0 collaborer au d\u00e9veloppement de la profession au Portugal.\u00a0\u00a0<\/p><p>L'APTA a accept\u00e9 de fournir au conseil d'administration de l'association des conseils sur les questions d'actualit\u00e9 de la profession et un acc\u00e8s \u00e9lectronique aux ressources habituellement mises \u00e0 la disposition des membres de l'association, afin de soutenir les initiatives de l'association.\u00a0<\/p><p>Le Conseil de l'Ordre des kin\u00e9sith\u00e9rapeutes est extr\u00eamement reconnaissant \u00e0 l'American Physical Therapy Association et se r\u00e9jouit d'une collaboration fructueuse.\u00a0<\/p>\t\t\t\t\t\t\t\t<\/div>\n\t\t\t\t<\/div>\n\t\t\t\t\t<\/div>\n\t\t<\/div>\n\t\t\t\t\t<\/div>\n\t\t<\/section>\n\t\t\t\t<\/div>","protected":false},"excerpt":{"rendered":"<p>Le conseil d'administration et le bureau des \u00e9tudes et de la planification de l'association des physioth\u00e9rapeutes portugais ont rencontr\u00e9, le 11 juillet, des repr\u00e9sentants de l'American Physical Therapy Association - (APTA) Association am\u00e9ricaine de physioth\u00e9rapie (pr\u00e9sident - Roger Herr, vice-pr\u00e9sident des relations publiques - Aaron Bishop, directeur ex\u00e9cutif - Justin Moore et le directeur des relations publiques - Emilio Rouco) pour commencer \u00e0 collaborer au d\u00e9veloppement de la profession au Portugal.<\/p>","protected":false},"author":1,"featured_media":4916,"comment_status":"closed","ping_status":"open","sticky":false,"template":"","format":"standard","meta":{"footnotes":""},"categories":[13],"tags":[],"class_list":["post-4915","post","type-post","status-publish","format-standard","has-post-thumbnail","hentry","category-noticias"],"_links":{"self":[{"href":"https:\/\/staging.ordemdosfisioterapeutas.pt\/fr\/wp-json\/wp\/v2\/posts\/4915","targetHints":{"allow":["GET"]}}],"collection":[{"href":"https:\/\/staging.ordemdosfisioterapeutas.pt\/fr\/wp-json\/wp\/v2\/posts"}],"about":[{"href":"https:\/\/staging.ordemdosfisioterapeutas.pt\/fr\/wp-json\/wp\/v2\/types\/post"}],"author":[{"embeddable":true,"href":"https:\/\/staging.ordemdosfisioterapeutas.pt\/fr\/wp-json\/wp\/v2\/users\/1"}],"replies":[{"embeddable":true,"href":"https:\/\/staging.ordemdosfisioterapeutas.pt\/fr\/wp-json\/wp\/v2\/comments?post=4915"}],"version-history":[{"count":0,"href":"https:\/\/staging.ordemdosfisioterapeutas.pt\/fr\/wp-json\/wp\/v2\/posts\/4915\/revisions"}],"wp:featuredmedia":[{"embeddable":true,"href":"https:\/\/staging.ordemdosfisioterapeutas.pt\/fr\/wp-json\/wp\/v2\/media\/4916"}],"wp:attachment":[{"href":"https:\/\/staging.ordemdosfisioterapeutas.pt\/fr\/wp-json\/wp\/v2\/media?parent=4915"}],"wp:term":[{"taxonomy":"category","embeddable":true,"href":"https:\/\/staging.ordemdosfisioterapeutas.pt\/fr\/wp-json\/wp\/v2\/categories?post=4915"},{"taxonomy":"post_tag","embeddable":true,"href":"https:\/\/staging.ordemdosfisioterapeutas.pt\/fr\/wp-json\/wp\/v2\/tags?post=4915"}],"curies":[{"name":"wp","href":"https:\/\/api.w.org\/{rel}","templated":true}]}}