{"id":5013,"date":"2022-09-08T07:00:00","date_gmt":"2022-09-08T06:00:00","guid":{"rendered":"https:\/\/staging.ordemdosfisioterapeutas.pt\/?p=5013"},"modified":"2022-09-07T22:31:39","modified_gmt":"2022-09-07T21:31:39","slug":"dia-mundial-da-fisioterapia","status":"publish","type":"post","link":"https:\/\/staging.ordemdosfisioterapeutas.pt\/fr\/noticias\/dia-mundial-da-fisioterapia\/","title":{"rendered":"Journ\u00e9e mondiale de la physioth\u00e9rapie"},"content":{"rendered":"<div data-elementor-type=\"wp-post\" data-elementor-id=\"5013\" class=\"elementor elementor-5013\" data-elementor-post-type=\"post\">\n\t\t\t\t\t\t<section class=\"elementor-section elementor-top-section elementor-element elementor-element-42cec6c elementor-section-boxed elementor-section-height-default elementor-section-height-default\" data-id=\"42cec6c\" data-element_type=\"section\" data-e-type=\"section\">\n\t\t\t\t\t\t<div class=\"elementor-container elementor-column-gap-default\">\n\t\t\t\t\t<div class=\"elementor-column elementor-col-100 elementor-top-column elementor-element elementor-element-d8fa5e3\" data-id=\"d8fa5e3\" data-element_type=\"column\" data-e-type=\"column\">\n\t\t\t<div class=\"elementor-widget-wrap elementor-element-populated\">\n\t\t\t\t\t\t<div class=\"elementor-element elementor-element-5a6febf elementor-widget elementor-widget-text-editor\" data-id=\"5a6febf\" data-element_type=\"widget\" data-e-type=\"widget\" data-widget_type=\"text-editor.default\">\n\t\t\t\t<div class=\"elementor-widget-container\">\n\t\t\t\t\t\t\t\t\t<p>C'est aujourd'hui la Journ\u00e9e mondiale de la physioth\u00e9rapie !<\/p><p>\"C'est aussi une journ\u00e9e pour honorer les physioth\u00e9rapeutes en tant que professionnels de la sant\u00e9\", selon les mots du pr\u00e9sident de l'Ordre des physioth\u00e9rapeutes portugais, Ant\u00f3nio Lopes.<\/p>\t\t\t\t\t\t\t\t<\/div>\n\t\t\t\t<\/div>\n\t\t\t\t<section class=\"elementor-section elementor-inner-section elementor-element elementor-element-f06d85b elementor-section-boxed elementor-section-height-default elementor-section-height-default\" data-id=\"f06d85b\" data-element_type=\"section\" data-e-type=\"section\">\n\t\t\t\t\t\t<div class=\"elementor-container elementor-column-gap-default\">\n\t\t\t\t\t<div class=\"elementor-column elementor-col-50 elementor-inner-column elementor-element elementor-element-375af64\" data-id=\"375af64\" data-element_type=\"column\" data-e-type=\"column\">\n\t\t\t<div class=\"elementor-widget-wrap elementor-element-populated\">\n\t\t\t\t\t\t<div class=\"elementor-element elementor-element-1ec3a8c elementor-widget elementor-widget-video\" data-id=\"1ec3a8c\" data-element_type=\"widget\" data-e-type=\"widget\" data-settings=\"{&quot;youtube_url&quot;:&quot;https:\\\/\\\/www.youtube.com\\\/watch?v=6fyBbcwF3oY&quot;,&quot;show_image_overlay&quot;:&quot;yes&quot;,&quot;image_overlay&quot;:{&quot;url&quot;:&quot;https:\\\/\\\/staging.ordemdosfisioterapeutas.pt\\\/wp-content\\\/uploads\\\/2022\\\/09\\\/thumb_youtube_-1.jpeg&quot;,&quot;id&quot;:5016,&quot;size&quot;:&quot;&quot;,&quot;alt&quot;:&quot;Baston\\u00e1rio Ant\\u00f3nio Lopes Dia Mundial da Fisioterapia&quot;,&quot;source&quot;:&quot;library&quot;},&quot;video_type&quot;:&quot;youtube&quot;,&quot;controls&quot;:&quot;yes&quot;}\" data-widget_type=\"video.default\">\n\t\t\t\t<div class=\"elementor-widget-container\">\n\t\t\t\t\t\t\t<div class=\"elementor-wrapper elementor-open-inline\">\n\t\t\t<div class=\"elementor-video\"><\/div>\t\t\t\t<div class=\"elementor-custom-embed-image-overlay\" style=\"background-image: url(https:\/\/staging.ordemdosfisioterapeutas.pt\/wp-content\/uploads\/2022\/09\/thumb_youtube_-1.jpeg);\">\n\t\t\t\t\t\t\t\t\t\t\t\t\t\t<\/div>\n\t\t\t\t\t<\/div>\n\t\t\t\t\t\t<\/div>\n\t\t\t\t<\/div>\n\t\t\t\t\t<\/div>\n\t\t<\/div>\n\t\t\t\t<div class=\"elementor-column elementor-col-50 elementor-inner-column elementor-element elementor-element-ecad155\" data-id=\"ecad155\" data-element_type=\"column\" data-e-type=\"column\">\n\t\t\t<div class=\"elementor-widget-wrap\">\n\t\t\t\t\t\t\t<\/div>\n\t\t<\/div>\n\t\t\t\t\t<\/div>\n\t\t<\/section>\n\t\t\t\t<div class=\"elementor-element elementor-element-7f8ffc9 elementor-widget elementor-widget-text-editor\" data-id=\"7f8ffc9\" data-element_type=\"widget\" data-e-type=\"widget\" data-widget_type=\"text-editor.default\">\n\t\t\t\t<div class=\"elementor-widget-container\">\n\t\t\t\t\t\t\t\t\t<p>Cette ann\u00e9e, cet \u00e9v\u00e9nement, organis\u00e9 par World Physiotherapy, est ax\u00e9 sur l'arthrose, l'une des affections qui entra\u00eene le plus grand nombre de handicaps et qui touche plus de 500 millions de personnes dans le monde.<\/p><p>L'Ordre des kin\u00e9sith\u00e9rapeutes souligne le r\u00f4le d\u00e9terminant des kin\u00e9sith\u00e9rapeutes dans le traitement et la prise en charge des personnes atteintes de cette pathologie dans une brochure d'information, consultable et t\u00e9l\u00e9chargeable. <span style=\"text-decoration: underline;\"><a href=\"https:\/\/staging.ordemdosfisioterapeutas.pt\/wp-content\/uploads\/2022\/09\/AF_Folheto_08_09_.pdf\" target=\"_blank\" rel=\"noopener\">ici<\/a><\/span>.<\/p><p>\"Nous nous engageons \u00e0 ce que vous puissiez compter sur l'Ordre des physioth\u00e9rapeutes pour valoriser et honorer la profession afin que nous puissions contribuer \u00e0 l'am\u00e9lioration de la sant\u00e9 des citoyens\".<\/p><p>Bonne journ\u00e9e mondiale de la physioth\u00e9rapie \u00e0 tous !<\/p>\t\t\t\t\t\t\t\t<\/div>\n\t\t\t\t<\/div>\n\t\t\t\t<div class=\"elementor-element elementor-element-d42eb78 elementor-widget elementor-widget-text-editor\" data-id=\"d42eb78\" data-element_type=\"widget\" data-e-type=\"widget\" data-widget_type=\"text-editor.default\">\n\t\t\t\t<div class=\"elementor-widget-container\">\n\t\t\t\t\t\t\t\t\t<p><strong><span style=\"text-decoration: underline;\"><a href=\"https:\/\/www.facebook.com\/hashtag\/diamundialdafisioterapia\" target=\"_blank\" rel=\"noopener\">1TP5Journ\u00e9e mondiale de la physioth\u00e9rapie<\/a><\/span> <\/strong><strong><a href=\"https:\/\/www.facebook.com\/hashtag\/ordemdosfisioterapeutas\" target=\"_blank\" rel=\"noopener\"><span style=\"text-decoration: underline;\">1TP4Ordre des kin\u00e9sith\u00e9rapeutes<\/span> <\/a><a href=\"https:\/\/www.facebook.com\/hashtag\/oitodesetembro\" target=\"_blank\" rel=\"noopener\"><span style=\"text-decoration: underline;\">#rois septembre<\/span> <\/a><\/strong><span style=\"text-decoration: underline;\"><strong><a href=\"https:\/\/www.facebook.com\/hashtag\/osteoartrose\" target=\"_blank\" rel=\"noopener\">#ost\u00e9oarthrite<\/a><\/strong><\/span><\/p><p>\u00a0<\/p>\t\t\t\t\t\t\t\t<\/div>\n\t\t\t\t<\/div>\n\t\t\t\t\t<\/div>\n\t\t<\/div>\n\t\t\t\t\t<\/div>\n\t\t<\/section>\n\t\t\t\t<\/div>","protected":false},"excerpt":{"rendered":"<p>C'est aujourd'hui la Journ\u00e9e mondiale de la physioth\u00e9rapie !<br \/>\n\"C'est aussi une journ\u00e9e pour honorer les physioth\u00e9rapeutes en tant que professionnels de la sant\u00e9\", selon les mots du pr\u00e9sident de l'Ordre des physioth\u00e9rapeutes portugais, Ant\u00f3nio Lopes.<\/p>","protected":false},"author":1,"featured_media":5014,"comment_status":"closed","ping_status":"open","sticky":false,"template":"","format":"standard","meta":{"footnotes":""},"categories":[13],"tags":[],"class_list":["post-5013","post","type-post","status-publish","format-standard","has-post-thumbnail","hentry","category-noticias"],"_links":{"self":[{"href":"https:\/\/staging.ordemdosfisioterapeutas.pt\/fr\/wp-json\/wp\/v2\/posts\/5013","targetHints":{"allow":["GET"]}}],"collection":[{"href":"https:\/\/staging.ordemdosfisioterapeutas.pt\/fr\/wp-json\/wp\/v2\/posts"}],"about":[{"href":"https:\/\/staging.ordemdosfisioterapeutas.pt\/fr\/wp-json\/wp\/v2\/types\/post"}],"author":[{"embeddable":true,"href":"https:\/\/staging.ordemdosfisioterapeutas.pt\/fr\/wp-json\/wp\/v2\/users\/1"}],"replies":[{"embeddable":true,"href":"https:\/\/staging.ordemdosfisioterapeutas.pt\/fr\/wp-json\/wp\/v2\/comments?post=5013"}],"version-history":[{"count":0,"href":"https:\/\/staging.ordemdosfisioterapeutas.pt\/fr\/wp-json\/wp\/v2\/posts\/5013\/revisions"}],"wp:featuredmedia":[{"embeddable":true,"href":"https:\/\/staging.ordemdosfisioterapeutas.pt\/fr\/wp-json\/wp\/v2\/media\/5014"}],"wp:attachment":[{"href":"https:\/\/staging.ordemdosfisioterapeutas.pt\/fr\/wp-json\/wp\/v2\/media?parent=5013"}],"wp:term":[{"taxonomy":"category","embeddable":true,"href":"https:\/\/staging.ordemdosfisioterapeutas.pt\/fr\/wp-json\/wp\/v2\/categories?post=5013"},{"taxonomy":"post_tag","embeddable":true,"href":"https:\/\/staging.ordemdosfisioterapeutas.pt\/fr\/wp-json\/wp\/v2\/tags?post=5013"}],"curies":[{"name":"wp","href":"https:\/\/api.w.org\/{rel}","templated":true}]}}