{"id":5099,"date":"2022-09-17T07:50:00","date_gmt":"2022-09-17T06:50:00","guid":{"rendered":"https:\/\/staging.ordemdosfisioterapeutas.pt\/?p=5099"},"modified":"2022-09-30T13:30:47","modified_gmt":"2022-09-30T12:30:47","slug":"ordem-dos-fisioterapeutas-promove-divulgacao-do-plano-nacional-para-a-seguranca-dos-doentes","status":"publish","type":"post","link":"https:\/\/staging.ordemdosfisioterapeutas.pt\/fr\/noticias\/ordem-dos-fisioterapeutas-promove-divulgacao-do-plano-nacional-para-a-seguranca-dos-doentes\/","title":{"rendered":"L'ordre des physioth\u00e9rapeutes portugais encourage la divulgation du plan national pour la s\u00e9curit\u00e9 des patients"},"content":{"rendered":"<div data-elementor-type=\"wp-post\" data-elementor-id=\"5099\" class=\"elementor elementor-5099\" data-elementor-post-type=\"post\">\n\t\t\t\t\t\t<section class=\"elementor-section elementor-top-section elementor-element elementor-element-2c86ba7 elementor-section-boxed elementor-section-height-default elementor-section-height-default\" data-id=\"2c86ba7\" data-element_type=\"section\" data-e-type=\"section\">\n\t\t\t\t\t\t<div class=\"elementor-container elementor-column-gap-default\">\n\t\t\t\t\t<div class=\"elementor-column elementor-col-100 elementor-top-column elementor-element elementor-element-069b3d5\" data-id=\"069b3d5\" data-element_type=\"column\" data-e-type=\"column\">\n\t\t\t<div class=\"elementor-widget-wrap elementor-element-populated\">\n\t\t\t\t\t\t<div class=\"elementor-element elementor-element-e5be279 elementor-widget elementor-widget-text-editor\" data-id=\"e5be279\" data-element_type=\"widget\" data-e-type=\"widget\" data-widget_type=\"text-editor.default\">\n\t\t\t\t<div class=\"elementor-widget-container\">\n\t\t\t\t\t\t\t\t\t<p>Aujourd'hui, 17 septembre, c'est la Journ\u00e9e mondiale de la s\u00e9curit\u00e9 des patients.<\/p><p>L'Ordre des kin\u00e9sith\u00e9rapeutes portugais s'associe \u00e0 cette initiative de l'Organisation mondiale de la sant\u00e9 (OMS) et, consid\u00e9rant que la s\u00e9curit\u00e9 des patients est une priorit\u00e9 pour les kin\u00e9sith\u00e9rapeutes, recommande la consultation des <span style=\"text-decoration: underline;\"><a href=\"https:\/\/www.dgs.pt\/qualidade-e-seguranca\/seguranca-dos-doentes\/plano-nacional-para-a-seguranca-dos-doentes-2021-2026.aspx\" target=\"_blank\" rel=\"noopener\">Plan national pour la s\u00e9curit\u00e9 des patients 2021 -2026 (PNSD 2021 -2026)<\/a><\/span>adopt\u00e9e en vertu de <span style=\"text-decoration: underline;\"><a href=\"https:\/\/dre.pt\/application\/conteudo\/171891094\" target=\"_blank\" rel=\"noopener\">Ordre n\u00b0 9390\/2021 du 24 septembre<\/a><\/span>.<\/p><p>Le PNSD 2021-2026 repose sur cinq piliers principaux, avec leurs objectifs strat\u00e9giques respectifs, ainsi que leurs actions et leurs cibles respectives. \u00a0\u00a0<\/p><ul><li>Premier pilier : la culture de la s\u00e9curit\u00e9 ;\u00a0<\/li><li>Pilier 2 : Leadership et gouvernance ;<\/li><li>Pilier 3 : Communication ;<\/li><li>Pilier 4 : Pr\u00e9vention et gestion des incidents li\u00e9s \u00e0 la s\u00e9curit\u00e9 des patients ;\u00a0<\/li><li>Pilier 5 : Des pratiques s\u00fbres dans des environnements s\u00fbrs.<\/li><\/ul><p>Pour plus d'informations sur le PNSD 2021-2016, veuillez consulter le site Internet de la Commission europ\u00e9enne.\u00a0<span style=\"text-decoration: underline;\"><a href=\"https:\/\/www.dgs.pt\/documentos-e-publicacoes\/plano-nacional-para-a-seguranca-dos-doentes-2021-2026-pdf.aspx\" target=\"_blank\" rel=\"noopener\">Document technique pour la mise en \u0153uvre du PNSD 2021-2026<\/a><\/span> et acc\u00e9der \u00e0 la <span style=\"text-decoration: underline;\"><a href=\"https:\/\/youtu.be\/DArzYfzppZQ\">vid\u00e9o<\/a><\/span> du PNSD 2021-2026.<\/p>\t\t\t\t\t\t\t\t<\/div>\n\t\t\t\t<\/div>\n\t\t\t\t\t<\/div>\n\t\t<\/div>\n\t\t\t\t\t<\/div>\n\t\t<\/section>\n\t\t\t\t<section class=\"elementor-section elementor-top-section elementor-element elementor-element-76c41cc elementor-section-boxed elementor-section-height-default elementor-section-height-default\" data-id=\"76c41cc\" data-element_type=\"section\" data-e-type=\"section\">\n\t\t\t\t\t\t<div class=\"elementor-container elementor-column-gap-default\">\n\t\t\t\t\t<div class=\"elementor-column elementor-col-100 elementor-top-column elementor-element elementor-element-ae9e4d2\" data-id=\"ae9e4d2\" data-element_type=\"column\" data-e-type=\"column\">\n\t\t\t<div class=\"elementor-widget-wrap elementor-element-populated\">\n\t\t\t\t\t\t<div class=\"elementor-element elementor-element-5abff6f elementor-widget elementor-widget-heading\" data-id=\"5abff6f\" data-element_type=\"widget\" data-e-type=\"widget\" data-widget_type=\"heading.default\">\n\t\t\t\t<div class=\"elementor-widget-container\">\n\t\t\t\t\t<h2 class=\"elementor-heading-title elementor-size-default\">Conf\u00e9rence en ligne sur la s\u00e9curit\u00e9 des patients : plateforme NOTIFICA<\/h2>\t\t\t\t<\/div>\n\t\t\t\t<\/div>\n\t\t\t\t\t<\/div>\n\t\t<\/div>\n\t\t\t\t\t<\/div>\n\t\t<\/section>\n\t\t\t\t<section class=\"elementor-section elementor-top-section elementor-element elementor-element-8a12c77 elementor-section-boxed elementor-section-height-default elementor-section-height-default\" data-id=\"8a12c77\" data-element_type=\"section\" data-e-type=\"section\">\n\t\t\t\t\t\t<div class=\"elementor-container elementor-column-gap-default\">\n\t\t\t\t\t<div class=\"elementor-column elementor-col-100 elementor-top-column elementor-element elementor-element-c5ba65c\" data-id=\"c5ba65c\" data-element_type=\"column\" data-e-type=\"column\">\n\t\t\t<div class=\"elementor-widget-wrap elementor-element-populated\">\n\t\t\t\t\t\t<div class=\"elementor-element elementor-element-35b0525 elementor-widget elementor-widget-text-editor\" data-id=\"35b0525\" data-element_type=\"widget\" data-e-type=\"widget\" data-widget_type=\"text-editor.default\">\n\t\t\t\t<div class=\"elementor-widget-container\">\n\t\t\t\t\t\t\t\t\t<p>Dans le cadre du th\u00e8me choisi pour marquer la Journ\u00e9e mondiale de la s\u00e9curit\u00e9 des patients 2022 - la <span style=\"text-decoration: underline;\"><a href=\"https:\/\/www.dgs.pt\/em-destaque\/dia-mundial-da-seguranca-do-doente-2022.aspx\" target=\"_blank\" rel=\"noopener\">S\u00e9curit\u00e9 dans l'utilisation des m\u00e9dicaments<\/a><\/span> -, et la diffusion du Plan national pour la s\u00e9curit\u00e9 des patients 2021-2026 et le d\u00e9veloppement des comp\u00e9tences concernant les cinq piliers, l'Ordre promouvra une conf\u00e9rence <em>en ligne<\/em> adress\u00e9e aux kin\u00e9sith\u00e9rapeutes, consacr\u00e9e \u00e0 la th\u00e9matique de la notification d'incidents (plateforme <span style=\"text-decoration: underline;\"><a href=\"https:\/\/www.dgs.pt\/formulario-notifica.aspx\" target=\"_blank\" rel=\"noopener\">NOTIFIEZ<\/a><\/span>). La date, le programme et les informations relatives \u00e0 l'inscription seront annonc\u00e9s prochainement.<\/p>\t\t\t\t\t\t\t\t<\/div>\n\t\t\t\t<\/div>\n\t\t\t\t\t<\/div>\n\t\t<\/div>\n\t\t\t\t\t<\/div>\n\t\t<\/section>\n\t\t\t\t<\/div>","protected":false},"excerpt":{"rendered":"<p>Aujourd'hui, 17 septembre, c'est la Journ\u00e9e mondiale de la s\u00e9curit\u00e9 des patients.<\/p>","protected":false},"author":1,"featured_media":5111,"comment_status":"closed","ping_status":"open","sticky":false,"template":"","format":"standard","meta":{"footnotes":""},"categories":[13],"tags":[],"class_list":["post-5099","post","type-post","status-publish","format-standard","has-post-thumbnail","hentry","category-noticias"],"_links":{"self":[{"href":"https:\/\/staging.ordemdosfisioterapeutas.pt\/fr\/wp-json\/wp\/v2\/posts\/5099","targetHints":{"allow":["GET"]}}],"collection":[{"href":"https:\/\/staging.ordemdosfisioterapeutas.pt\/fr\/wp-json\/wp\/v2\/posts"}],"about":[{"href":"https:\/\/staging.ordemdosfisioterapeutas.pt\/fr\/wp-json\/wp\/v2\/types\/post"}],"author":[{"embeddable":true,"href":"https:\/\/staging.ordemdosfisioterapeutas.pt\/fr\/wp-json\/wp\/v2\/users\/1"}],"replies":[{"embeddable":true,"href":"https:\/\/staging.ordemdosfisioterapeutas.pt\/fr\/wp-json\/wp\/v2\/comments?post=5099"}],"version-history":[{"count":0,"href":"https:\/\/staging.ordemdosfisioterapeutas.pt\/fr\/wp-json\/wp\/v2\/posts\/5099\/revisions"}],"wp:featuredmedia":[{"embeddable":true,"href":"https:\/\/staging.ordemdosfisioterapeutas.pt\/fr\/wp-json\/wp\/v2\/media\/5111"}],"wp:attachment":[{"href":"https:\/\/staging.ordemdosfisioterapeutas.pt\/fr\/wp-json\/wp\/v2\/media?parent=5099"}],"wp:term":[{"taxonomy":"category","embeddable":true,"href":"https:\/\/staging.ordemdosfisioterapeutas.pt\/fr\/wp-json\/wp\/v2\/categories?post=5099"},{"taxonomy":"post_tag","embeddable":true,"href":"https:\/\/staging.ordemdosfisioterapeutas.pt\/fr\/wp-json\/wp\/v2\/tags?post=5099"}],"curies":[{"name":"wp","href":"https:\/\/api.w.org\/{rel}","templated":true}]}}