{"id":5119,"date":"2022-09-28T11:06:55","date_gmt":"2022-09-28T10:06:55","guid":{"rendered":"https:\/\/staging.ordemdosfisioterapeutas.pt\/?p=5119"},"modified":"2022-09-28T11:09:24","modified_gmt":"2022-09-28T10:09:24","slug":"covid-19-e-gripe-ordem-dos-fisioterapeutas-apela-a-vacinacao","status":"publish","type":"post","link":"https:\/\/staging.ordemdosfisioterapeutas.pt\/fr\/noticias\/covid-19-e-gripe-ordem-dos-fisioterapeutas-apela-a-vacinacao\/","title":{"rendered":"Covid-19 et grippe : l'Ordre des kin\u00e9sith\u00e9rapeutes portugais lance un appel \u00e0 la vaccination"},"content":{"rendered":"<div data-elementor-type=\"wp-post\" data-elementor-id=\"5119\" class=\"elementor elementor-5119\" data-elementor-post-type=\"post\">\n\t\t\t\t\t\t<section class=\"elementor-section elementor-top-section elementor-element elementor-element-aa98b78 elementor-section-boxed elementor-section-height-default elementor-section-height-default\" data-id=\"aa98b78\" data-element_type=\"section\" data-e-type=\"section\">\n\t\t\t\t\t\t<div class=\"elementor-container elementor-column-gap-default\">\n\t\t\t\t\t<div class=\"elementor-column elementor-col-100 elementor-top-column elementor-element elementor-element-ce80b7c\" data-id=\"ce80b7c\" data-element_type=\"column\" data-e-type=\"column\">\n\t\t\t<div class=\"elementor-widget-wrap elementor-element-populated\">\n\t\t\t\t\t\t<div class=\"elementor-element elementor-element-0b8b2c1 elementor-widget elementor-widget-text-editor\" data-id=\"0b8b2c1\" data-element_type=\"widget\" data-e-type=\"widget\" data-widget_type=\"text-editor.default\">\n\t\t\t\t<div class=\"elementor-widget-container\">\n\t\t\t\t\t\t\t\t\t<p style=\"font-weight: 400;\">Les kin\u00e9sith\u00e9rapeutes font partie du groupe prioritaire de professionnels des services de sant\u00e9 (publics et priv\u00e9s) et des autres services de sant\u00e9, dans le cadre de la campagne de vaccination automne-hiver contre le COVID-19 et la grippe. Voir le site <span style=\"text-decoration: underline;\"><a href=\"https:\/\/covid19.min-saude.pt\/normas-e-orientacoes\/\" target=\"_blank\" rel=\"noopener\">normes<\/a><\/span> de la DGS adress\u00e9e \u00e0 l'Ordre des kin\u00e9sith\u00e9rapeutes par le Centre de coordination de l'appui au minist\u00e8re de la Sant\u00e9.<\/p><p style=\"font-weight: 400;\">La campagne de vaccination actuelle se d\u00e9roule dans les centres de sant\u00e9 et les centres de vaccination sp\u00e9cifiques. Voir la liste : <span style=\"text-decoration: underline;\"><a href=\"https:\/\/covid19.min-saude.pt\/lista-de-centros-de-vacinacao\/\" target=\"_blank\" rel=\"noopener\">Liste des centres de vaccination - Covid 19 (min-saude.pt)<\/a><\/span>. Comme l'ann\u00e9e derni\u00e8re, la modalit\u00e9 \"Journ\u00e9e portes ouvertes\" est \u00e9galement disponible, \u00e0 l'aide d'un mot de passe num\u00e9rique. D\u00e9couvrez comment y acc\u00e9der \u00e0 l'adresse suivante : <a href=\"https:\/\/covid19.min-saude.pt\/casa-aberta\/\" target=\"_blank\" rel=\"noopener\"><span style=\"text-decoration: underline;\">Portes ouvertes - Covid 19<\/span><\/a>. L'Ordre appelle les kin\u00e9sith\u00e9rapeutes \u00e0 se faire vacciner, car ils doivent \u00eatre accompagn\u00e9s de leur carte professionnelle ou d'une attestation de leur employeur prouvant leur activit\u00e9 professionnelle. Plus d'informations \u00e0 l'adresse suivante : <span style=\"text-decoration: underline;\"><a href=\"https:\/\/covid19.min-saude.pt\/campanha-de-vacinacao-do-outono-inverno-contra-a-covid-19-e-gripe\/\" target=\"_blank\" rel=\"noopener\">Campagne de vaccination automne-hiver contre le COVID-19 et la grippe - Covid 19 (min-saude.pt)<\/a><\/span><\/p>\t\t\t\t\t\t\t\t<\/div>\n\t\t\t\t<\/div>\n\t\t\t\t\t<\/div>\n\t\t<\/div>\n\t\t\t\t\t<\/div>\n\t\t<\/section>\n\t\t\t\t<\/div>","protected":false},"excerpt":{"rendered":"<p>Les kin\u00e9sith\u00e9rapeutes font partie du groupe prioritaire des professionnels des services de sant\u00e9 (publics et priv\u00e9s) et des autres services de soins, dans le cadre de la campagne de vaccination automne-hiver contre le COVID-19 et contre la grippe.<\/p>","protected":false},"author":1,"featured_media":5120,"comment_status":"closed","ping_status":"open","sticky":false,"template":"","format":"standard","meta":{"footnotes":""},"categories":[13],"tags":[],"class_list":["post-5119","post","type-post","status-publish","format-standard","has-post-thumbnail","hentry","category-noticias"],"_links":{"self":[{"href":"https:\/\/staging.ordemdosfisioterapeutas.pt\/fr\/wp-json\/wp\/v2\/posts\/5119","targetHints":{"allow":["GET"]}}],"collection":[{"href":"https:\/\/staging.ordemdosfisioterapeutas.pt\/fr\/wp-json\/wp\/v2\/posts"}],"about":[{"href":"https:\/\/staging.ordemdosfisioterapeutas.pt\/fr\/wp-json\/wp\/v2\/types\/post"}],"author":[{"embeddable":true,"href":"https:\/\/staging.ordemdosfisioterapeutas.pt\/fr\/wp-json\/wp\/v2\/users\/1"}],"replies":[{"embeddable":true,"href":"https:\/\/staging.ordemdosfisioterapeutas.pt\/fr\/wp-json\/wp\/v2\/comments?post=5119"}],"version-history":[{"count":0,"href":"https:\/\/staging.ordemdosfisioterapeutas.pt\/fr\/wp-json\/wp\/v2\/posts\/5119\/revisions"}],"wp:featuredmedia":[{"embeddable":true,"href":"https:\/\/staging.ordemdosfisioterapeutas.pt\/fr\/wp-json\/wp\/v2\/media\/5120"}],"wp:attachment":[{"href":"https:\/\/staging.ordemdosfisioterapeutas.pt\/fr\/wp-json\/wp\/v2\/media?parent=5119"}],"wp:term":[{"taxonomy":"category","embeddable":true,"href":"https:\/\/staging.ordemdosfisioterapeutas.pt\/fr\/wp-json\/wp\/v2\/categories?post=5119"},{"taxonomy":"post_tag","embeddable":true,"href":"https:\/\/staging.ordemdosfisioterapeutas.pt\/fr\/wp-json\/wp\/v2\/tags?post=5119"}],"curies":[{"name":"wp","href":"https:\/\/api.w.org\/{rel}","templated":true}]}}