{"id":5134,"date":"2022-09-21T08:00:00","date_gmt":"2022-09-21T07:00:00","guid":{"rendered":"https:\/\/staging.ordemdosfisioterapeutas.pt\/?p=5134"},"modified":"2022-09-29T19:50:21","modified_gmt":"2022-09-29T18:50:21","slug":"ordem-dos-fisioterapeutas-recebe-associacao-nacional-de-jovens-na-fisioterapia%ef%bf%bc","status":"publish","type":"post","link":"https:\/\/staging.ordemdosfisioterapeutas.pt\/fr\/noticias\/ordem-dos-fisioterapeutas-recebe-associacao-nacional-de-jovens-na-fisioterapia%ef%bf%bc\/","title":{"rendered":"L'Ordre des kin\u00e9sith\u00e9rapeutes re\u00e7oit l'Association nationale des jeunes en kin\u00e9sith\u00e9rapie\ufffc."},"content":{"rendered":"<div data-elementor-type=\"wp-post\" data-elementor-id=\"5134\" class=\"elementor elementor-5134\" data-elementor-post-type=\"post\">\n\t\t\t\t\t\t<section class=\"elementor-section elementor-top-section elementor-element elementor-element-5fa4bc7 elementor-section-boxed elementor-section-height-default elementor-section-height-default\" data-id=\"5fa4bc7\" data-element_type=\"section\" data-e-type=\"section\">\n\t\t\t\t\t\t<div class=\"elementor-container elementor-column-gap-default\">\n\t\t\t\t\t<div class=\"elementor-column elementor-col-100 elementor-top-column elementor-element elementor-element-c3f6209\" data-id=\"c3f6209\" data-element_type=\"column\" data-e-type=\"column\">\n\t\t\t<div class=\"elementor-widget-wrap elementor-element-populated\">\n\t\t\t\t\t\t<div class=\"elementor-element elementor-element-0ba1a96 elementor-widget elementor-widget-text-editor\" data-id=\"0ba1a96\" data-element_type=\"widget\" data-e-type=\"widget\" data-widget_type=\"text-editor.default\">\n\t\t\t\t<div class=\"elementor-widget-container\">\n\t\t\t\t\t\t\t\t\t<p style=\"font-weight: 400;\">A <span style=\"text-decoration: underline;\"><a href=\"https:\/\/staging.ordemdosfisioterapeutas.pt\/fr\/\" target=\"_blank\" rel=\"noopener\">Ordre des physioth\u00e9rapeutes<\/a><\/span> (OF) a rencontr\u00e9 le <span style=\"text-decoration: underline;\"><a href=\"https:\/\/anjf.pt\/\" target=\"_blank\" rel=\"noopener\">Association nationale des jeunes physioth\u00e9rapeutes<\/a>(ANJF)<\/span> le 21 septembre.<\/p><p style=\"font-weight: 400;\">L'objectif de la r\u00e9union \u00e9tait d'aborder et de discuter des questions li\u00e9es \u00e0 la population cible de l'association dont la mission est de \" repr\u00e9senter les \u00e9tudiants en physioth\u00e9rapie et les jeunes physioth\u00e9rapeutes portugais (...) \", \u00e0 savoir la possibilit\u00e9 d'\u00e9tablir des conditions sp\u00e9ciales concernant le paiement des cotisations pour ceux qui terminent leur dipl\u00f4me. L'Ordre a r\u00e9it\u00e9r\u00e9 sa volont\u00e9 d'\u00e9tudier la proposition dans le cadre de la pr\u00e9paration de la proposition de budget et de la proposition de plan d'activit\u00e9 pour 2023.<\/p><p style=\"font-weight: 400;\">L'Association nationale des jeunes physioth\u00e9rapeutes a \u00e9galement demand\u00e9 des \u00e9claircissements sur le processus d'\u00e9valuation de la qualit\u00e9 des soins. <span style=\"text-decoration: underline;\"><a href=\"https:\/\/staging.ordemdosfisioterapeutas.pt\/fr\/especialidades-em-fisioterapia\/\" target=\"_blank\" rel=\"noopener\">cr\u00e9ation du conseil des sp\u00e9cialit\u00e9s<\/a><\/span> Les professionnels de la physioth\u00e9rapie au Portugal, avec Ant\u00f3nio Lopes expliquant l'ensemble des \u00e9tapes de cet objectif, qui d\u00e9coule de cette attribution de l'Ordre des physioth\u00e9rapeutes, pr\u00e9vue \u00e0 l'article 4 du statut de l'Association des physioth\u00e9rapeutes. <span style=\"text-decoration: underline;\"><a href=\"https:\/\/staging.ordemdosfisioterapeutas.pt\/fr\/estatuto-e-regulamentos\/\" target=\"_blank\" rel=\"noopener\">Statuts<\/a><\/span>.<\/p><p style=\"font-weight: 400;\">L'Ordre \u00e9tait repr\u00e9sent\u00e9 par le pr\u00e9sident et le membre Afonso Neutel. L'ANJF \u00e9tait repr\u00e9sent\u00e9e par Beatriz Silva et Ant\u00f3nio Martins, r\u00e9cemment \u00e9lus respectivement pr\u00e9sidente et vice-pr\u00e9sident, et par la tr\u00e9sori\u00e8re Sofia Tavares.<\/p>\t\t\t\t\t\t\t\t<\/div>\n\t\t\t\t<\/div>\n\t\t\t\t\t<\/div>\n\t\t<\/div>\n\t\t\t\t\t<\/div>\n\t\t<\/section>\n\t\t\t\t<\/div>","protected":false},"excerpt":{"rendered":"<p>L'Ordre des kin\u00e9sith\u00e9rapeutes (OF) a rencontr\u00e9 l'Association nationale des jeunes en kin\u00e9sith\u00e9rapie (ANJF) le 21 septembre.<\/p>","protected":false},"author":1,"featured_media":5135,"comment_status":"closed","ping_status":"open","sticky":false,"template":"","format":"standard","meta":{"footnotes":""},"categories":[13],"tags":[],"class_list":["post-5134","post","type-post","status-publish","format-standard","has-post-thumbnail","hentry","category-noticias"],"_links":{"self":[{"href":"https:\/\/staging.ordemdosfisioterapeutas.pt\/fr\/wp-json\/wp\/v2\/posts\/5134","targetHints":{"allow":["GET"]}}],"collection":[{"href":"https:\/\/staging.ordemdosfisioterapeutas.pt\/fr\/wp-json\/wp\/v2\/posts"}],"about":[{"href":"https:\/\/staging.ordemdosfisioterapeutas.pt\/fr\/wp-json\/wp\/v2\/types\/post"}],"author":[{"embeddable":true,"href":"https:\/\/staging.ordemdosfisioterapeutas.pt\/fr\/wp-json\/wp\/v2\/users\/1"}],"replies":[{"embeddable":true,"href":"https:\/\/staging.ordemdosfisioterapeutas.pt\/fr\/wp-json\/wp\/v2\/comments?post=5134"}],"version-history":[{"count":0,"href":"https:\/\/staging.ordemdosfisioterapeutas.pt\/fr\/wp-json\/wp\/v2\/posts\/5134\/revisions"}],"wp:featuredmedia":[{"embeddable":true,"href":"https:\/\/staging.ordemdosfisioterapeutas.pt\/fr\/wp-json\/wp\/v2\/media\/5135"}],"wp:attachment":[{"href":"https:\/\/staging.ordemdosfisioterapeutas.pt\/fr\/wp-json\/wp\/v2\/media?parent=5134"}],"wp:term":[{"taxonomy":"category","embeddable":true,"href":"https:\/\/staging.ordemdosfisioterapeutas.pt\/fr\/wp-json\/wp\/v2\/categories?post=5134"},{"taxonomy":"post_tag","embeddable":true,"href":"https:\/\/staging.ordemdosfisioterapeutas.pt\/fr\/wp-json\/wp\/v2\/tags?post=5134"}],"curies":[{"name":"wp","href":"https:\/\/api.w.org\/{rel}","templated":true}]}}