{"id":5154,"date":"2022-10-10T08:00:00","date_gmt":"2022-10-10T07:00:00","guid":{"rendered":"https:\/\/staging.ordemdosfisioterapeutas.pt\/?p=5154"},"modified":"2022-10-07T17:25:53","modified_gmt":"2022-10-07T16:25:53","slug":"ordem-dos-fisioterapeutas-assinala-o-dia-mundial-da-saude-mental","status":"publish","type":"post","link":"https:\/\/staging.ordemdosfisioterapeutas.pt\/fr\/noticias\/ordem-dos-fisioterapeutas-assinala-o-dia-mundial-da-saude-mental\/","title":{"rendered":"L'Ordre des physioth\u00e9rapeutes portugais marque la Journ\u00e9e mondiale de la sant\u00e9 mentale"},"content":{"rendered":"<div data-elementor-type=\"wp-post\" data-elementor-id=\"5154\" class=\"elementor elementor-5154\" data-elementor-post-type=\"post\">\n\t\t\t\t\t\t<section class=\"elementor-section elementor-top-section elementor-element elementor-element-76af550 elementor-section-boxed elementor-section-height-default elementor-section-height-default\" data-id=\"76af550\" data-element_type=\"section\" data-e-type=\"section\">\n\t\t\t\t\t\t<div class=\"elementor-container elementor-column-gap-default\">\n\t\t\t\t\t<div class=\"elementor-column elementor-col-100 elementor-top-column elementor-element elementor-element-06961f6\" data-id=\"06961f6\" data-element_type=\"column\" data-e-type=\"column\">\n\t\t\t<div class=\"elementor-widget-wrap elementor-element-populated\">\n\t\t\t\t\t\t<div class=\"elementor-element elementor-element-50e2120 elementor-widget elementor-widget-text-editor\" data-id=\"50e2120\" data-element_type=\"widget\" data-e-type=\"widget\" data-widget_type=\"text-editor.default\">\n\t\t\t\t<div class=\"elementor-widget-container\">\n\t\t\t\t\t\t\t\t\t<p>La Journ\u00e9e mondiale de la sant\u00e9 mentale est c\u00e9l\u00e9br\u00e9e chaque ann\u00e9e le 10 octobre, date fix\u00e9e par la F\u00e9d\u00e9ration mondiale pour la sant\u00e9 mentale (FMSM). Aujourd'hui, l'Organisation mondiale de la sant\u00e9 reconna\u00eet et marque \u00e9galement cette journ\u00e9e. Le th\u00e8me de cette ann\u00e9e est \"<a href=\"https:\/\/www.who.int\/campaigns\/world-mental-health-day\/2022\" target=\"_blank\" rel=\"noopener\"><span style=\"text-decoration: underline;\">Faire de la sant\u00e9 mentale et du bien-\u00eatre une priorit\u00e9 mondiale<\/span><\/a>\".<\/p><p>O <span style=\"text-decoration: underline;\"><a href=\"https:\/\/www.who.int\/publications\/i\/item\/9789240049338\" target=\"_blank\" rel=\"noopener\">Rapport mondial sur la sant\u00e9 mentale<\/a><\/span> de l'OMS, publi\u00e9e en juin 2022, a r\u00e9v\u00e9l\u00e9 que d\u00e8s avant la pand\u00e9mie, en 2019, environ un milliard de personnes \u00e9taient aux prises avec une forme ou une autre de trouble mental.<\/p><p><strong><u>Physioth\u00e9rapie en sant\u00e9 mentale<\/u><\/strong><\/p><p>En cette journ\u00e9e mondiale de la sant\u00e9 mentale, le Conseil de l'Ordre salue le travail accompli par les physioth\u00e9rapeutes dans le domaine de la sant\u00e9 mentale.<\/p><p>Au Portugal, sur les 8905 physioth\u00e9rapeutes inscrits \u00e0 l'Ordre, 693 d\u00e9clarent avoir obtenu des qualifications suppl\u00e9mentaires dans le domaine de la sant\u00e9 mentale et 598 d\u00e9clarent avoir une activit\u00e9 clinique en sant\u00e9 mentale (graphique 1. r\u00e9partition par district). Il y a \u00e9galement 185 physioth\u00e9rapeutes ayant des qualifications suppl\u00e9mentaires et une activit\u00e9 clinique en sant\u00e9 mentale, selon les informations extraites du formulaire d'inscription.<\/p><p><em>Note : les donn\u00e9es ne comprennent pas les membres qui ont suspendu ou annul\u00e9 leur adh\u00e9sion.<\/em><\/p>\t\t\t\t\t\t\t\t<\/div>\n\t\t\t\t<\/div>\n\t\t\t\t<div class=\"elementor-element elementor-element-b02d6fc elementor-widget elementor-widget-image\" data-id=\"b02d6fc\" data-element_type=\"widget\" data-e-type=\"widget\" data-widget_type=\"image.default\">\n\t\t\t\t<div class=\"elementor-widget-container\">\n\t\t\t\t\t\t\t\t\t\t\t\t\t\t\t<img fetchpriority=\"high\" decoding=\"async\" width=\"768\" height=\"622\" src=\"https:\/\/staging.ordemdosfisioterapeutas.pt\/wp-content\/uploads\/2022\/10\/grafico_saude_mental-768x622.png\" class=\"attachment-medium_large size-medium_large wp-image-5158\" alt=\"grafico_saude_mental\" srcset=\"https:\/\/staging.ordemdosfisioterapeutas.pt\/wp-content\/uploads\/2022\/10\/grafico_saude_mental-768x622.png 768w, https:\/\/staging.ordemdosfisioterapeutas.pt\/wp-content\/uploads\/2022\/10\/grafico_saude_mental-300x243.png 300w, https:\/\/staging.ordemdosfisioterapeutas.pt\/wp-content\/uploads\/2022\/10\/grafico_saude_mental-15x12.png 15w, https:\/\/staging.ordemdosfisioterapeutas.pt\/wp-content\/uploads\/2022\/10\/grafico_saude_mental.png 960w\" sizes=\"(max-width: 768px) 100vw, 768px\" \/>\t\t\t\t\t\t\t\t\t\t\t\t\t\t\t<\/div>\n\t\t\t\t<\/div>\n\t\t\t\t<div class=\"elementor-element elementor-element-54031f8 elementor-widget elementor-widget-text-editor\" data-id=\"54031f8\" data-element_type=\"widget\" data-e-type=\"widget\" data-widget_type=\"text-editor.default\">\n\t\t\t\t<div class=\"elementor-widget-container\">\n\t\t\t\t\t\t\t\t\t<p>La physioth\u00e9rapie en sant\u00e9 mentale est un domaine transversal et sp\u00e9cifique de la physioth\u00e9rapie, qui op\u00e8re dans diff\u00e9rents environnements de sant\u00e9, de sant\u00e9 mentale, de psychiatrie et de m\u00e9decine psychosomatique. Son objectif est d'optimiser le bien-\u00eatre gr\u00e2ce \u00e0 des strat\u00e9gies d'\u00e9ducation \u00e0 la sant\u00e9 et \u00e0 la promotion 1) de la conscience du corps, du mouvement et des \u00e9motions 3) de la fonctionnalit\u00e9, 4) de l'exercice et de l'activit\u00e9 physique, en int\u00e9grant toujours les dimensions physique, mentale et relationnelle.<\/p><p>La physioth\u00e9rapie peut agir dans le domaine de la sant\u00e9 mentale, notamment dans la relation entre les troubles somatiques et les probl\u00e8mes psychologiques (troubles du sommeil, peur li\u00e9e \u00e0 la douleur, stress psychologique et humeur d\u00e9pressive associ\u00e9s \u00e0 un \u00e9tat clinique) ; la relation entre les troubles mentaux l\u00e9gers et les principales maladies chroniques non transmissibles (anxi\u00e9t\u00e9 et d\u00e9pression mod\u00e9r\u00e9e associ\u00e9es aux maladies cardiovasculaires et respiratoires, au diab\u00e8te et au cancer), la relation entre les troubles somatiques et les troubles mentaux l\u00e9gers (d\u00e9pression associ\u00e9e \u00e0 la douleur chronique, les troubles post-traumatiques associ\u00e9s \u00e0 la fibromyalgie et l'anxi\u00e9t\u00e9 associ\u00e9e \u00e0 la broncho-pneumopathie chronique obstructive) et dans l'approche sp\u00e9cialis\u00e9e des maladies mentales graves (d\u00e9pression majeure, schizophr\u00e9nie, troubles bipolaires et conduites addictives et d\u00e9pendances) dans les unit\u00e9s psychiatriques\/h\u00f4pitaux.<\/p>\t\t\t\t\t\t\t\t<\/div>\n\t\t\t\t<\/div>\n\t\t\t\t\t<\/div>\n\t\t<\/div>\n\t\t\t\t\t<\/div>\n\t\t<\/section>\n\t\t\t\t<\/div>","protected":false},"excerpt":{"rendered":"<p>La Journ\u00e9e mondiale de la sant\u00e9 mentale est c\u00e9l\u00e9br\u00e9e chaque ann\u00e9e le 10 octobre, date fix\u00e9e par la F\u00e9d\u00e9ration mondiale pour la sant\u00e9 mentale (FMSM).<\/p>","protected":false},"author":1,"featured_media":5155,"comment_status":"closed","ping_status":"open","sticky":false,"template":"","format":"standard","meta":{"footnotes":""},"categories":[13],"tags":[],"class_list":["post-5154","post","type-post","status-publish","format-standard","has-post-thumbnail","hentry","category-noticias"],"_links":{"self":[{"href":"https:\/\/staging.ordemdosfisioterapeutas.pt\/fr\/wp-json\/wp\/v2\/posts\/5154","targetHints":{"allow":["GET"]}}],"collection":[{"href":"https:\/\/staging.ordemdosfisioterapeutas.pt\/fr\/wp-json\/wp\/v2\/posts"}],"about":[{"href":"https:\/\/staging.ordemdosfisioterapeutas.pt\/fr\/wp-json\/wp\/v2\/types\/post"}],"author":[{"embeddable":true,"href":"https:\/\/staging.ordemdosfisioterapeutas.pt\/fr\/wp-json\/wp\/v2\/users\/1"}],"replies":[{"embeddable":true,"href":"https:\/\/staging.ordemdosfisioterapeutas.pt\/fr\/wp-json\/wp\/v2\/comments?post=5154"}],"version-history":[{"count":0,"href":"https:\/\/staging.ordemdosfisioterapeutas.pt\/fr\/wp-json\/wp\/v2\/posts\/5154\/revisions"}],"wp:featuredmedia":[{"embeddable":true,"href":"https:\/\/staging.ordemdosfisioterapeutas.pt\/fr\/wp-json\/wp\/v2\/media\/5155"}],"wp:attachment":[{"href":"https:\/\/staging.ordemdosfisioterapeutas.pt\/fr\/wp-json\/wp\/v2\/media?parent=5154"}],"wp:term":[{"taxonomy":"category","embeddable":true,"href":"https:\/\/staging.ordemdosfisioterapeutas.pt\/fr\/wp-json\/wp\/v2\/categories?post=5154"},{"taxonomy":"post_tag","embeddable":true,"href":"https:\/\/staging.ordemdosfisioterapeutas.pt\/fr\/wp-json\/wp\/v2\/tags?post=5154"}],"curies":[{"name":"wp","href":"https:\/\/api.w.org\/{rel}","templated":true}]}}