{"id":5284,"date":"2022-11-14T08:00:00","date_gmt":"2022-11-14T08:00:00","guid":{"rendered":"https:\/\/staging.ordemdosfisioterapeutas.pt\/?p=5284"},"modified":"2023-04-02T10:54:30","modified_gmt":"2023-04-02T09:54:30","slug":"ordem-dos-fisioterapeutas-assinala-dia-mundial-da-diabetes","status":"publish","type":"post","link":"https:\/\/staging.ordemdosfisioterapeutas.pt\/fr\/noticias\/ordem-dos-fisioterapeutas-assinala-dia-mundial-da-diabetes\/","title":{"rendered":"L'ordre des physioth\u00e9rapeutes portugais marque la Journ\u00e9e mondiale du diab\u00e8te"},"content":{"rendered":"<p>La Journ\u00e9e mondiale du diab\u00e8te, qui tombe le 14 novembre, a \u00e9t\u00e9 institu\u00e9e en 1991 par la F\u00e9d\u00e9ration internationale du diab\u00e8te (FID) et l'Organisation mondiale de la sant\u00e9 (OMS).<\/p>\n\n\n\n<p>Un adulte sur dix vit avec le diab\u00e8te, selon l'OMS. <a href=\"https:\/\/www.idf.org\/\">FDI<\/a> pour 2021.  Parmi les diff\u00e9rents facteurs qui influencent le d\u00e9veloppement du diab\u00e8te de type II, le plus \u00e9vident est le mode de vie urbanis\u00e9, qui comprend une alimentation malsaine et un comportement s\u00e9dentaire. Des \u00e9tudes r\u00e9centes montrent que l'adoption d'un mode de vie plus sain et la pratique d'une activit\u00e9 physique peuvent retarder, voire emp\u00eacher son apparition.  Rappel : la physioth\u00e9rapie est un alli\u00e9 dans la pr\u00e9vention et le contr\u00f4le du diab\u00e8te de type II, compte tenu de son domaine d'intervention.<\/p>","protected":false},"excerpt":{"rendered":"<p>La Journ\u00e9e mondiale du diab\u00e8te, qui tombe le 14 novembre, a \u00e9t\u00e9 institu\u00e9e en 1991 par la F\u00e9d\u00e9ration internationale du diab\u00e8te (FID) et l'Organisation mondiale de la sant\u00e9 (OMS).<\/p>","protected":false},"author":1,"featured_media":5285,"comment_status":"closed","ping_status":"open","sticky":false,"template":"","format":"standard","meta":{"footnotes":""},"categories":[13],"tags":[],"class_list":["post-5284","post","type-post","status-publish","format-standard","has-post-thumbnail","hentry","category-noticias"],"_links":{"self":[{"href":"https:\/\/staging.ordemdosfisioterapeutas.pt\/fr\/wp-json\/wp\/v2\/posts\/5284","targetHints":{"allow":["GET"]}}],"collection":[{"href":"https:\/\/staging.ordemdosfisioterapeutas.pt\/fr\/wp-json\/wp\/v2\/posts"}],"about":[{"href":"https:\/\/staging.ordemdosfisioterapeutas.pt\/fr\/wp-json\/wp\/v2\/types\/post"}],"author":[{"embeddable":true,"href":"https:\/\/staging.ordemdosfisioterapeutas.pt\/fr\/wp-json\/wp\/v2\/users\/1"}],"replies":[{"embeddable":true,"href":"https:\/\/staging.ordemdosfisioterapeutas.pt\/fr\/wp-json\/wp\/v2\/comments?post=5284"}],"version-history":[{"count":0,"href":"https:\/\/staging.ordemdosfisioterapeutas.pt\/fr\/wp-json\/wp\/v2\/posts\/5284\/revisions"}],"wp:featuredmedia":[{"embeddable":true,"href":"https:\/\/staging.ordemdosfisioterapeutas.pt\/fr\/wp-json\/wp\/v2\/media\/5285"}],"wp:attachment":[{"href":"https:\/\/staging.ordemdosfisioterapeutas.pt\/fr\/wp-json\/wp\/v2\/media?parent=5284"}],"wp:term":[{"taxonomy":"category","embeddable":true,"href":"https:\/\/staging.ordemdosfisioterapeutas.pt\/fr\/wp-json\/wp\/v2\/categories?post=5284"},{"taxonomy":"post_tag","embeddable":true,"href":"https:\/\/staging.ordemdosfisioterapeutas.pt\/fr\/wp-json\/wp\/v2\/tags?post=5284"}],"curies":[{"name":"wp","href":"https:\/\/api.w.org\/{rel}","templated":true}]}}