{"id":7249,"date":"2024-09-07T16:39:57","date_gmt":"2024-09-07T15:39:57","guid":{"rendered":"https:\/\/staging.ordemdosfisioterapeutas.pt\/?p=7249"},"modified":"2024-09-07T16:41:03","modified_gmt":"2024-09-07T15:41:03","slug":"programa-split-lanca-as-bases-para-a-expansao-no-ambito-do-dia-mundial-da-fisioterapia","status":"publish","type":"post","link":"https:\/\/staging.ordemdosfisioterapeutas.pt\/fr\/noticias\/programa-split-lanca-as-bases-para-a-expansao-no-ambito-do-dia-mundial-da-fisioterapia\/","title":{"rendered":"Le programme SPLIT jette les bases de son expansion dans le cadre de la Journ\u00e9e mondiale de la physioth\u00e9rapie"},"content":{"rendered":"<div data-elementor-type=\"wp-post\" data-elementor-id=\"7249\" class=\"elementor elementor-7249\" data-elementor-post-type=\"post\">\n\t\t\t\t<div class=\"elementor-element elementor-element-f992ae0 e-flex e-con-boxed e-con e-parent\" data-id=\"f992ae0\" data-element_type=\"container\" data-e-type=\"container\">\n\t\t\t\t\t<div class=\"e-con-inner\">\n\t\t\t\t<div class=\"elementor-element elementor-element-4bb36f1 elementor-widget elementor-widget-text-editor\" data-id=\"4bb36f1\" data-element_type=\"widget\" data-e-type=\"widget\" data-widget_type=\"text-editor.default\">\n\t\t\t\t<div class=\"elementor-widget-container\">\n\t\t\t\t\t\t\t\t\t<p>Dans le cadre de la <span style=\"text-decoration: underline;\"><a href=\"https:\/\/world.physio\/wptday\">Journ\u00e9e mondiale de la physioth\u00e9rapie<\/a><\/span> (8 septembre), qui se concentre cette ann\u00e9e sur la <strong>douleurs lombaires<\/strong> (lombalgie) et le r\u00f4le de la physioth\u00e9rapie dans son \u00e9valuation et son traitement, l'Ordre des physioth\u00e9rapeutes, en partenariat avec l'\u00c9cole de sant\u00e9 de l'Institut polytechnique de Set\u00fabal, entame l'expansion du programme de formation en physioth\u00e9rapie de l'Universit\u00e9 de Set\u00fabal. <strong>Programme SPLIT<\/strong>qui est align\u00e9 sur le plan national de sant\u00e9 2030 de la direction g\u00e9n\u00e9rale de la sant\u00e9.<\/p><p>SPLIT, qui a d\u00e9j\u00e0 \u00e9t\u00e9 d\u00e9velopp\u00e9 et mis en \u0153uvre dans le groupement des centres de sant\u00e9 d'Arr\u00e1bida - ARSLVT, est un programme innovant dans ce domaine. <strong>l'\u00e9valuation et le traitement des douleurs lombaires<\/strong>.<\/p><p>Il utilise un outil de d\u00e9pistage qui classe les personnes souffrant de lombalgies en trois cat\u00e9gories de risque de d\u00e9velopper des sympt\u00f4mes persistants et invalidants (faible, moyen et \u00e9lev\u00e9), et qui a donn\u00e9 des r\u00e9sultats prometteurs lors de l'\u00e9tude pilote.<\/p><p>Dans un<strong>\u00a0\u00e9chantillon d'environ 500 utilisateurs<\/strong> dans ce programme, 6 mois apr\u00e8s la consultation initiale, \u00e9tait de <strong>r\u00e9duite, <\/strong><strong>\u00e0 environ 80%, la probabilit\u00e9 de souffrir d'une lombalgie persistante et invalidante.<\/strong><\/p><p>En outre, en termes de\u00a0<strong>la prescription de moyens diagnostiques compl\u00e9mentaires et de m\u00e9dicaments,\u00a0<\/strong>ce programme a permis<strong>\u00a0r\u00e9duire chacun de ces indicateurs d'environ 30%.<\/strong><\/p><p>R\u00e9cemment, la <strong>Programme SPLIT<\/strong> a \u00e9t\u00e9 s\u00e9lectionn\u00e9e pour la <span style=\"text-decoration: underline;\"><a href=\"https:\/\/ordemdosfisioterapeutas.pt\/pt\/noticias\/programa-split-aprovado-para-integrar-pacto-saude-sustentavel-passus-2030\/\">1\u00e8re phase du Pacte pour la sant\u00e9 durable 2030<\/a><\/span>dans le cadre du processus de mise en \u0153uvre de la <strong>Plan national de sant\u00e9 2030<\/strong>coordonn\u00e9 par la direction g\u00e9n\u00e9rale de la sant\u00e9, un processus collaboratif et multisectoriel qui oriente et influence les politiques et les interventions publiques ayant un impact sur la sant\u00e9 au Portugal.<\/p><p>Cette premi\u00e8re phase de mise en \u0153uvre se concentrera sur l'extension du programme \u00e0 d'autres unit\u00e9s de sant\u00e9 au Portugal qui disposent d\u00e9j\u00e0 de physioth\u00e9rapeutes int\u00e9gr\u00e9s.<\/p><p>\u00c0 cette fin, lors de la prochaine phase du processus, les parties prenantes potentielles seront identifi\u00e9es et consult\u00e9es dans diff\u00e9rentes r\u00e9gions du pays, dans le but de <strong>former les physioth\u00e9rapeutes<\/strong>de <strong>premier semestre<\/strong> de <strong>2025<\/strong>Cela permettra \u00e0 un plus grand nombre d'utilisateurs de b\u00e9n\u00e9ficier de cette approche innovante du traitement de la lombalgie.<\/p>\t\t\t\t\t\t\t\t<\/div>\n\t\t\t\t<\/div>\n\t\t\t\t\t<\/div>\n\t\t\t\t<\/div>\n\t\t\t\t<\/div>","protected":false},"excerpt":{"rendered":"<p>Dans le cadre des c\u00e9l\u00e9brations de la Journ\u00e9e mondiale de la physioth\u00e9rapie (8 septembre), qui porte cette ann\u00e9e sur la lombalgie et le r\u00f4le de la physioth\u00e9rapie dans son \u00e9valuation et son traitement, l'Ordre des physioth\u00e9rapeutes, en partenariat avec l'\u00c9cole de sant\u00e9 de l'Institut polytechnique de Set\u00fabal, commence \u00e0 d\u00e9velopper le programme SPLIT, qui s'inscrit dans le cadre du Plan national de sant\u00e9 2030 de la direction g\u00e9n\u00e9rale de la sant\u00e9.<\/p>","protected":false},"author":1,"featured_media":7250,"comment_status":"closed","ping_status":"open","sticky":false,"template":"","format":"standard","meta":{"footnotes":""},"categories":[13],"tags":[],"class_list":["post-7249","post","type-post","status-publish","format-standard","has-post-thumbnail","hentry","category-noticias"],"_links":{"self":[{"href":"https:\/\/staging.ordemdosfisioterapeutas.pt\/fr\/wp-json\/wp\/v2\/posts\/7249","targetHints":{"allow":["GET"]}}],"collection":[{"href":"https:\/\/staging.ordemdosfisioterapeutas.pt\/fr\/wp-json\/wp\/v2\/posts"}],"about":[{"href":"https:\/\/staging.ordemdosfisioterapeutas.pt\/fr\/wp-json\/wp\/v2\/types\/post"}],"author":[{"embeddable":true,"href":"https:\/\/staging.ordemdosfisioterapeutas.pt\/fr\/wp-json\/wp\/v2\/users\/1"}],"replies":[{"embeddable":true,"href":"https:\/\/staging.ordemdosfisioterapeutas.pt\/fr\/wp-json\/wp\/v2\/comments?post=7249"}],"version-history":[{"count":0,"href":"https:\/\/staging.ordemdosfisioterapeutas.pt\/fr\/wp-json\/wp\/v2\/posts\/7249\/revisions"}],"wp:featuredmedia":[{"embeddable":true,"href":"https:\/\/staging.ordemdosfisioterapeutas.pt\/fr\/wp-json\/wp\/v2\/media\/7250"}],"wp:attachment":[{"href":"https:\/\/staging.ordemdosfisioterapeutas.pt\/fr\/wp-json\/wp\/v2\/media?parent=7249"}],"wp:term":[{"taxonomy":"category","embeddable":true,"href":"https:\/\/staging.ordemdosfisioterapeutas.pt\/fr\/wp-json\/wp\/v2\/categories?post=7249"},{"taxonomy":"post_tag","embeddable":true,"href":"https:\/\/staging.ordemdosfisioterapeutas.pt\/fr\/wp-json\/wp\/v2\/tags?post=7249"}],"curies":[{"name":"wp","href":"https:\/\/api.w.org\/{rel}","templated":true}]}}