{"id":849,"date":"2020-10-07T10:47:47","date_gmt":"2020-10-07T10:47:47","guid":{"rendered":"https:\/\/staging.ordemdosfisioterapeutas.pt\/?p=849"},"modified":"2021-03-16T20:58:11","modified_gmt":"2021-03-16T20:58:11","slug":"parlamento-vota-criacao-de-ordem-dos-fisioterapeutas","status":"publish","type":"post","link":"https:\/\/staging.ordemdosfisioterapeutas.pt\/fr\/noticias\/parlamento-vota-criacao-de-ordem-dos-fisioterapeutas\/","title":{"rendered":"Le Parlement vote sur la cr\u00e9ation de l'Ordre des kin\u00e9sith\u00e9rapeutes"},"content":{"rendered":"<div data-elementor-type=\"wp-post\" data-elementor-id=\"849\" class=\"elementor elementor-849\" data-elementor-post-type=\"post\">\n\t\t\t\t\t\t<section class=\"elementor-section elementor-top-section elementor-element elementor-element-95c0c2e elementor-section-boxed elementor-section-height-default elementor-section-height-default\" data-id=\"95c0c2e\" data-element_type=\"section\" data-e-type=\"section\">\n\t\t\t\t\t\t<div class=\"elementor-container elementor-column-gap-default\">\n\t\t\t\t\t<div class=\"elementor-column elementor-col-100 elementor-top-column elementor-element elementor-element-8341604\" data-id=\"8341604\" data-element_type=\"column\" data-e-type=\"column\">\n\t\t\t<div class=\"elementor-widget-wrap elementor-element-populated\">\n\t\t\t\t\t\t<div class=\"elementor-element elementor-element-5e796e2 elementor-widget elementor-widget-text-editor\" data-id=\"5e796e2\" data-element_type=\"widget\" data-e-type=\"widget\" data-widget_type=\"text-editor.default\">\n\t\t\t\t<div class=\"elementor-widget-container\">\n\t\t\t\t\t\t\t\t\t<p>Le Parlement a vot\u00e9 le 3 juillet les propositions de cr\u00e9ation de l'Ordre des kin\u00e9sith\u00e9rapeutes d\u00e9j\u00e0 approuv\u00e9es dans la sp\u00e9cialit\u00e9 parlementaire.<br \/>La semaine derni\u00e8re, la commission parlementaire du travail a donn\u00e9 son accord sp\u00e9cial \u00e0 la cr\u00e9ation des deux nouveaux organismes professionnels. Aujourd'hui, les propositions seront soumises \u00e0 un vote final lors de la session pl\u00e9ni\u00e8re de l'Assembl\u00e9e de la R\u00e9publique.<\/p><p>La cr\u00e9ation de l'Ordre des kin\u00e9sith\u00e9rapeutes a re\u00e7u le vote favorable du PS et du CDS, les autres partis s'\u00e9tant abstenus.<\/p><p>Du c\u00f4t\u00e9 du PSD, la d\u00e9put\u00e9e Joana Barata Lopes a d\u00e9clar\u00e9 \u00e0 Lusa la semaine derni\u00e8re que le parti s'\u00e9tait abstenu parce qu'il estime que les organisations professionnelles devraient \u00eatre cr\u00e9\u00e9es dans des cas exceptionnels, lorsque l'\u00c9tat n'est pas en mesure d'assurer leur r\u00e9gulation, notamment en raison de conflits d'int\u00e9r\u00eats. Toutefois, elle estime que les professionnels ne devraient pas \u00eatre ceux qui \"paient\" pour l'incapacit\u00e9 du gouvernement \u00e0 r\u00e9glementer.<\/p><p>Fin 2017, le Conseil national des ordres professionnels avait d\u00e9j\u00e0 exprim\u00e9 son opposition \u00e0 la cr\u00e9ation de l'Ordre des kin\u00e9sith\u00e9rapeutes ainsi qu'\u00e0 l'id\u00e9e, qui n'a pas abouti, de cr\u00e9er un Ordre des techniciens de sant\u00e9.<\/p><p>Le Conseil, qui regroupe plus de 300 000 professionnels r\u00e9glement\u00e9s, avait alors estim\u00e9 que les ordonnances ont leur propre l\u00e9gislation et ne sont justifi\u00e9es que dans des \"circonstances exceptionnelles, qui doivent \u00eatre expliqu\u00e9es\".<\/p><p>Le Portugal compte actuellement 16 organisations professionnelles, dont huit dans le secteur de la sant\u00e9.<\/p>\t\t\t\t\t\t\t\t<\/div>\n\t\t\t\t<\/div>\n\t\t\t\t<div class=\"elementor-element elementor-element-83ba632 elementor-widget elementor-widget-text-editor\" data-id=\"83ba632\" data-element_type=\"widget\" data-e-type=\"widget\" data-widget_type=\"text-editor.default\">\n\t\t\t\t<div class=\"elementor-widget-container\">\n\t\t\t\t\t\t\t\t\t<p>Source : <span style=\"text-decoration: underline;\">Public<\/span><\/p>\t\t\t\t\t\t\t\t<\/div>\n\t\t\t\t<\/div>\n\t\t\t\t\t<\/div>\n\t\t<\/div>\n\t\t\t\t\t<\/div>\n\t\t<\/section>\n\t\t\t\t<\/div>","protected":false},"excerpt":{"rendered":"<p>Le Parlement a vot\u00e9 le 3 juillet les propositions de cr\u00e9ation de l'Ordre des kin\u00e9sith\u00e9rapeutes d\u00e9j\u00e0 approuv\u00e9es dans la sp\u00e9cialit\u00e9 parlementaire.<\/p>","protected":false},"author":1,"featured_media":854,"comment_status":"closed","ping_status":"open","sticky":false,"template":"","format":"standard","meta":{"footnotes":""},"categories":[13],"tags":[],"class_list":["post-849","post","type-post","status-publish","format-standard","has-post-thumbnail","hentry","category-noticias"],"_links":{"self":[{"href":"https:\/\/staging.ordemdosfisioterapeutas.pt\/fr\/wp-json\/wp\/v2\/posts\/849","targetHints":{"allow":["GET"]}}],"collection":[{"href":"https:\/\/staging.ordemdosfisioterapeutas.pt\/fr\/wp-json\/wp\/v2\/posts"}],"about":[{"href":"https:\/\/staging.ordemdosfisioterapeutas.pt\/fr\/wp-json\/wp\/v2\/types\/post"}],"author":[{"embeddable":true,"href":"https:\/\/staging.ordemdosfisioterapeutas.pt\/fr\/wp-json\/wp\/v2\/users\/1"}],"replies":[{"embeddable":true,"href":"https:\/\/staging.ordemdosfisioterapeutas.pt\/fr\/wp-json\/wp\/v2\/comments?post=849"}],"version-history":[{"count":0,"href":"https:\/\/staging.ordemdosfisioterapeutas.pt\/fr\/wp-json\/wp\/v2\/posts\/849\/revisions"}],"wp:featuredmedia":[{"embeddable":true,"href":"https:\/\/staging.ordemdosfisioterapeutas.pt\/fr\/wp-json\/wp\/v2\/media\/854"}],"wp:attachment":[{"href":"https:\/\/staging.ordemdosfisioterapeutas.pt\/fr\/wp-json\/wp\/v2\/media?parent=849"}],"wp:term":[{"taxonomy":"category","embeddable":true,"href":"https:\/\/staging.ordemdosfisioterapeutas.pt\/fr\/wp-json\/wp\/v2\/categories?post=849"},{"taxonomy":"post_tag","embeddable":true,"href":"https:\/\/staging.ordemdosfisioterapeutas.pt\/fr\/wp-json\/wp\/v2\/tags?post=849"}],"curies":[{"name":"wp","href":"https:\/\/api.w.org\/{rel}","templated":true}]}}